{"id":2969,"date":"2023-05-10T18:21:33","date_gmt":"2023-05-10T18:21:33","guid":{"rendered":"https:\/\/drlazarraga.com\/blog\/?p=2969"},"modified":"2023-05-10T18:21:33","modified_gmt":"2023-05-10T18:21:33","slug":"alergias-primaverales-como-detectarlas","status":"publish","type":"post","link":"https:\/\/drlazarraga.com\/blog\/alergias-primaverales-como-detectarlas\/","title":{"rendered":"Alergias primaverales: como detectarlas"},"content":{"rendered":"<p><strong>La primavera es una estaci\u00f3n maravillosa<\/strong>, caracterizada por temperaturas m\u00e1s altas, d\u00edas m\u00e1s largos y la naturaleza recuperando su belleza. Sin embargo, para las personas al\u00e9rgicas, este per\u00edodo puede ser dif\u00edcil y agotador. <strong>El polen puede desencadenar s\u00edntomas de alergia desagradables<\/strong>, como estornudos, ojos llorosos, congesti\u00f3n nasal y picaz\u00f3n en la piel. Al mismo tiempo, las alergias primaverales pueden afectar la calidad del sue\u00f1o y la capacidad de concentraci\u00f3n.<\/p>\n<p>Descubra en el resto de este art\u00edculo ahora c\u00f3mo detectar y tratar eficazmente las <strong>alergias primaverales<\/strong> para que pueda disfrutar plenamente de la belleza de esta estaci\u00f3n.<\/p>\n<h2><span id=\"Cuales_son_las_causas_de_las_alergias_primaverales\">\u00bfCu\u00e1les son las causas de las alergias primaverales?<\/span><\/h2>\n<p>Las alergias primaverales est\u00e1n <strong>provocadas principalmente por el polen<\/strong> de las plantas que empiezan a florecer en esta \u00e9poca del a\u00f1o. El polen es liberado al aire por plantas que producen flores, como \u00e1rboles, pastos y flores, como su \u00fanica forma de reproducci\u00f3n. Cuando entra en contacto con la nariz, los ojos, los pulmones o la piel de una persona al\u00e9rgica, <strong>el sistema inmunitario desencadena una reacci\u00f3n de defensa<\/strong>. Durante esta reacci\u00f3n, las c\u00e9lulas del sistema inmunitario liberan una sustancia llamada <a href=\"https:\/\/es.wikipedia.org\/wiki\/Histamina\">histamina<\/a>, que puede causar los desagradables s\u00edntomas de las alergias.<\/p>\n<p><img decoding=\"async\" class=\"aligncenter size-full wp-image-2974\" src=\"https:\/\/drlazarraga.com\/blog\/wp-content\/uploads\/2023\/04\/alergias-primavera.jpg\" alt=\"alergia primavera\" width=\"1024\" height=\"736\" srcset=\"https:\/\/drlazarraga.com\/blog\/wp-content\/uploads\/2023\/04\/alergias-primavera.jpg 1024w, https:\/\/drlazarraga.com\/blog\/wp-content\/uploads\/2023\/04\/alergias-primavera-300x216.jpg 300w, https:\/\/drlazarraga.com\/blog\/wp-content\/uploads\/2023\/04\/alergias-primavera-768x552.jpg 768w\" sizes=\"(max-width: 1024px) 100vw, 1024px\" \/><\/p>\n<p>Estos s\u00edntomas son la respuesta del organismo ante la presencia de polen alerg\u00e9nico, y su intensidad puede variar en funci\u00f3n de la sensibilidad de cada persona. <strong>Los principales al\u00e9rgenos primaverales son el polen de los \u00e1rboles y las esporas de moho.<\/strong><\/p>\n<p>Entre los \u00e1rboles que desencadenan la mayor\u00eda de las alergias primaverales se encuentran el fresno blanco, el sauce, el \u00e1lamo, el olmo, el arce, el abedul, el nogal y la morera. En cuanto a las alergias provocadas por las esporas de moho, se intensifican en los d\u00edas de lluvia.<\/p>\n<h2><span id=\"Como_se_detectan_las_alergias_primaverales\">\u00bfC\u00f3mo se detectan las alergias primaverales?<\/span><\/h2>\n<p>Las alergias primaverales se manifiestan con mayor intensidad en los d\u00edas de fuerte viento, ya que \u00e9ste esparce el polen. Entre los s\u00edntomas m\u00e1s comunes se encuentran:<\/p>\n<ul>\n<li>el estornudo;<\/li>\n<li>enrojecimiento y ojos llorosos;<\/li>\n<li>os que se acent\u00faa por la noche y por la ma\u00f1ana;<\/li>\n<li>rinorrea y congesti\u00f3n nasal;<\/li>\n<li>irritabilidad y dificultad para concentrarse;<\/li>\n<li>dificultades respiratorias causadas por obstrucci\u00f3n nasal.<\/li>\n<\/ul>\n<h2><span id=\"Uso_de_antihistaminicos_para_tratar_las_alergias_primaverales\">Uso de antihistam\u00ednicos para tratar las alergias primaverales<\/span><\/h2>\n<p>Los antihistam\u00ednicos se recomiendan para tratar las alergias primaverales porque ayudan a bloquear los efectos de la histamina. Por lo tanto, estos medicamentos alivian los s\u00edntomas de la alergia.<\/p>\n<p><strong>Las alergias primaverales pueden ser una fuente de malestar para muchas personas<\/strong>. Sin embargo, existe una amplia gama de tratamientos y medidas preventivas disponibles para ayudar a aliviar los s\u00edntomas para que pueda disfrutar plenamente de esta hermosa \u00e9poca del a\u00f1o.<\/p>\n<h2><span id=\"Que_personas_son_propensas_a_las_alergias\">\u00bfQu\u00e9 personas son propensas a las alergias?<\/span><\/h2>\n<p><strong>Todas las personas son propensas a las alergias estacionales, incluso los ni\u00f1os.<\/strong> Podemos nacer con ciertas alergias y darnos cuenta de que somos al\u00e9rgicos en alg\u00fan momento, o podemos desarrollar una sensibilizaci\u00f3n a cierto tipo de al\u00e9rgenos a lo largo de la vida. <strong>Hay personas que a\u00f1o tras a\u00f1o pasan la temporada de polen sin ning\u00fan problema y de repente empiezan a tener los s\u00edntomas de una alergia estacional.<\/strong><\/p>\n<p>El mecanismo por el cual una persona se vuelve al\u00e9rgica no se conoce completamente, pero el mundo m\u00e9dico ha planteado algunas suposiciones.<\/p>\n<p>Una teor\u00eda est\u00e1 relacionada con la <strong>predisposici\u00f3n gen\u00e9tica<\/strong>. Se considera que para una persona con un determinado perfil gen\u00e9tico, la sensibilizaci\u00f3n a un determinado tipo de al\u00e9rgeno puede desencadenarse cuando la exposici\u00f3n es prolongada.<\/p>\n<p>En primavera u oto\u00f1o podemos estar expuestos a una gran cantidad de polen, por lo que, te\u00f3ricamente, si tenemos tal predisposici\u00f3n, es solo cuesti\u00f3n de tiempo que el cuerpo reaccione.<\/p>\n<p>Otra teor\u00eda est\u00e1 relacionada con el <strong>desencadenamiento de la sensibilidad a un al\u00e9rgeno cuando el cuerpo se expone a ese al\u00e9rgeno cuando est\u00e1 combatiendo un virus<\/strong>, ya sea un virus com\u00fan, como la gripe. En ese momento, el sistema inmunitario \"marca\" como elemento ofensivo adem\u00e1s del respectivo virus y los al\u00e9rgenos, por lo que, posteriormente, el organismo desencadena una alergia cada vez que entra en contacto con el respectivo al\u00e9rgeno.<\/p>\n<p>Tales situaciones se han observado especialmente entre los ni\u00f1os que, durante un resfriado y expuestos al pelo de mascotas, desarrollaron alergias al pelo de animales.<\/p>\n\n<div class=\"kk-star-ratings\n     kksr-valign-bottom     kksr-align-center    \"\n    data-payload=\"{&quot;align&quot;:&quot;center&quot;,&quot;id&quot;:&quot;2969&quot;,&quot;slug&quot;:&quot;default&quot;,&quot;valign&quot;:&quot;bottom&quot;,&quot;reference&quot;:&quot;auto&quot;,&quot;count&quot;:&quot;981&quot;,&quot;readonly&quot;:&quot;&quot;,&quot;score&quot;:&quot;4.4&quot;,&quot;best&quot;:&quot;5&quot;,&quot;gap&quot;:&quot;4&quot;,&quot;greet&quot;:&quot;\\u00bfQu\\u00e9 te ha parecido el articulo?&quot;,&quot;legend&quot;:&quot;4.4\\\/5 - (981 votos)&quot;,&quot;size&quot;:&quot;20&quot;,&quot;width&quot;:&quot;103.6&quot;,&quot;_legend&quot;:&quot;{score}\\\/{best} - ({count} {votes})&quot;}\">\n    \n<div class=\"kksr-stars\">\n    \n<div class=\"kksr-stars-inactive\">\n            <div class=\"kksr-star\" data-star=\"1\" style=\"padding-right: 4px\">\n            \n\n<div class=\"kksr-icon\" style=\"width: 20px; height: 20px;\"><\/div>\n        <\/div>\n            <div class=\"kksr-star\" data-star=\"2\" style=\"padding-right: 4px\">\n            \n\n<div class=\"kksr-icon\" style=\"width: 20px; height: 20px;\"><\/div>\n        <\/div>\n            <div class=\"kksr-star\" data-star=\"3\" style=\"padding-right: 4px\">\n            \n\n<div class=\"kksr-icon\" style=\"width: 20px; height: 20px;\"><\/div>\n        <\/div>\n            <div class=\"kksr-star\" data-star=\"4\" style=\"padding-right: 4px\">\n            \n\n<div class=\"kksr-icon\" style=\"width: 20px; height: 20px;\"><\/div>\n        <\/div>\n            <div class=\"kksr-star\" data-star=\"5\" style=\"padding-right: 4px\">\n            \n\n<div class=\"kksr-icon\" style=\"width: 20px; height: 20px;\"><\/div>\n        <\/div>\n    <\/div>\n    \n<div class=\"kksr-stars-active\" style=\"width: 103.6px;\">\n            <div class=\"kksr-star\" style=\"padding-right: 4px\">\n            \n\n<div class=\"kksr-icon\" style=\"width: 20px; height: 20px;\"><\/div>\n        <\/div>\n            <div class=\"kksr-star\" style=\"padding-right: 4px\">\n            \n\n<div class=\"kksr-icon\" style=\"width: 20px; height: 20px;\"><\/div>\n        <\/div>\n            <div class=\"kksr-star\" style=\"padding-right: 4px\">\n            \n\n<div class=\"kksr-icon\" style=\"width: 20px; height: 20px;\"><\/div>\n        <\/div>\n            <div class=\"kksr-star\" style=\"padding-right: 4px\">\n            \n\n<div class=\"kksr-icon\" style=\"width: 20px; height: 20px;\"><\/div>\n        <\/div>\n            <div class=\"kksr-star\" style=\"padding-right: 4px\">\n            \n\n<div class=\"kksr-icon\" style=\"width: 20px; height: 20px;\"><\/div>\n        <\/div>\n    <\/div>\n<\/div>\n    \n<div class=\"kksr-legend\">\n            4.4\/5 - (981 votos)    <\/div>\n<\/div>\n","protected":false},"excerpt":{"rendered":"<p>La primavera es una estaci\u00f3n maravillosa, caracterizada por temperaturas m\u00e1s altas, d\u00edas m\u00e1s largos y la naturaleza recuperando su belleza. Sin embargo, para las personas al\u00e9rgicas, este per\u00edodo puede ser dif\u00edcil y agotador. El polen puede desencadenar s\u00edntomas de alergia desagradables, como estornudos, ojos llorosos, congesti\u00f3n nasal y picaz\u00f3n en la piel. Al mismo tiempo, &#8230; <a title=\"Alergias primaverales: como detectarlas\" class=\"read-more\" href=\"https:\/\/drlazarraga.com\/blog\/alergias-primaverales-como-detectarlas\/\" aria-label=\"M\u00e1s en Alergias primaverales: como detectarlas\">Leer m\u00e1s<\/a><\/p>\n","protected":false},"author":1,"featured_media":2971,"comment_status":"open","ping_status":"open","sticky":false,"template":"","format":"standard","meta":{"footnotes":""},"categories":[8,2],"tags":[],"class_list":["post-2969","post","type-post","status-publish","format-standard","has-post-thumbnail","hentry","category-prevencion","category-salud","masonry-post","generate-columns","tablet-grid-50","mobile-grid-100","grid-parent","grid-50"],"yoast_head":"<!-- This site is optimized with the Yoast SEO plugin v23.4 - https:\/\/yoast.com\/wordpress\/plugins\/seo\/ -->\n<title>Alergias primaverales: como detectarlas<\/title>\n<meta name=\"description\" content=\"Descubre c\u00f3mo identificar las alergias primaverales y aliviar sus s\u00edntomas con estos consejos \u00fatiles. Cuida tu salud en esta temporada.\" \/>\n<meta name=\"robots\" content=\"index, follow, max-snippet:-1, max-image-preview:large, max-video-preview:-1\" \/>\n<link rel=\"canonical\" href=\"https:\/\/drlazarraga.com\/blog\/alergias-primaverales-como-detectarlas\/\" \/>\n<meta property=\"og:locale\" content=\"es_ES\" \/>\n<meta property=\"og:type\" content=\"article\" \/>\n<meta property=\"og:title\" content=\"Alergias primaverales: como detectarlas\" \/>\n<meta property=\"og:description\" content=\"Descubre c\u00f3mo identificar las alergias primaverales y aliviar sus s\u00edntomas con estos consejos \u00fatiles. Cuida tu salud en esta temporada.\" \/>\n<meta property=\"og:url\" content=\"https:\/\/drlazarraga.com\/blog\/alergias-primaverales-como-detectarlas\/\" \/>\n<meta property=\"og:site_name\" content=\"Blog Lazarraga | Las \u00faltimas noticias que te interesan\" \/>\n<meta property=\"article:published_time\" content=\"2023-05-10T18:21:33+00:00\" \/>\n<meta property=\"og:image\" content=\"https:\/\/drlazarraga.com\/blog\/wp-content\/uploads\/2023\/04\/alergias-primaverales.jpg\" \/>\n\t<meta property=\"og:image:width\" content=\"960\" \/>\n\t<meta property=\"og:image:height\" content=\"565\" \/>\n\t<meta property=\"og:image:type\" content=\"image\/jpeg\" \/>\n<meta name=\"author\" content=\"@drlazarraga\" \/>\n<meta name=\"twitter:card\" content=\"summary_large_image\" \/>\n<meta name=\"twitter:label1\" content=\"Escrito por\" \/>\n\t<meta name=\"twitter:data1\" content=\"@drlazarraga\" \/>\n\t<meta name=\"twitter:label2\" content=\"Tiempo de lectura\" \/>\n\t<meta name=\"twitter:data2\" content=\"4 minutos\" \/>\n<script type=\"application\/ld+json\" class=\"yoast-schema-graph\">{\"@context\":\"https:\/\/schema.org\",\"@graph\":[{\"@type\":\"Article\",\"@id\":\"https:\/\/drlazarraga.com\/blog\/alergias-primaverales-como-detectarlas\/#article\",\"isPartOf\":{\"@id\":\"https:\/\/drlazarraga.com\/blog\/alergias-primaverales-como-detectarlas\/\"},\"author\":{\"name\":\"@drlazarraga\",\"@id\":\"https:\/\/drlazarraga.com\/blog\/#\/schema\/person\/e685df919aa8dbedba5297c278658c4d\"},\"headline\":\"Alergias primaverales: como detectarlas\",\"datePublished\":\"2023-05-10T18:21:33+00:00\",\"dateModified\":\"2023-05-10T18:21:33+00:00\",\"mainEntityOfPage\":{\"@id\":\"https:\/\/drlazarraga.com\/blog\/alergias-primaverales-como-detectarlas\/\"},\"wordCount\":762,\"commentCount\":0,\"publisher\":{\"@id\":\"https:\/\/drlazarraga.com\/blog\/#organization\"},\"image\":{\"@id\":\"https:\/\/drlazarraga.com\/blog\/alergias-primaverales-como-detectarlas\/#primaryimage\"},\"thumbnailUrl\":\"https:\/\/drlazarraga.com\/blog\/wp-content\/uploads\/2023\/04\/alergias-primaverales.jpg\",\"articleSection\":[\"Prevenci\u00f3n\",\"Salud\"],\"inLanguage\":\"es\",\"potentialAction\":[{\"@type\":\"CommentAction\",\"name\":\"Comment\",\"target\":[\"https:\/\/drlazarraga.com\/blog\/alergias-primaverales-como-detectarlas\/#respond\"]}]},{\"@type\":\"WebPage\",\"@id\":\"https:\/\/drlazarraga.com\/blog\/alergias-primaverales-como-detectarlas\/\",\"url\":\"https:\/\/drlazarraga.com\/blog\/alergias-primaverales-como-detectarlas\/\",\"name\":\"Alergias primaverales: como detectarlas\",\"isPartOf\":{\"@id\":\"https:\/\/drlazarraga.com\/blog\/#website\"},\"primaryImageOfPage\":{\"@id\":\"https:\/\/drlazarraga.com\/blog\/alergias-primaverales-como-detectarlas\/#primaryimage\"},\"image\":{\"@id\":\"https:\/\/drlazarraga.com\/blog\/alergias-primaverales-como-detectarlas\/#primaryimage\"},\"thumbnailUrl\":\"https:\/\/drlazarraga.com\/blog\/wp-content\/uploads\/2023\/04\/alergias-primaverales.jpg\",\"datePublished\":\"2023-05-10T18:21:33+00:00\",\"dateModified\":\"2023-05-10T18:21:33+00:00\",\"description\":\"Descubre c\u00f3mo identificar las alergias primaverales y aliviar sus s\u00edntomas con estos consejos \u00fatiles. Cuida tu salud en esta temporada.\",\"breadcrumb\":{\"@id\":\"https:\/\/drlazarraga.com\/blog\/alergias-primaverales-como-detectarlas\/#breadcrumb\"},\"inLanguage\":\"es\",\"potentialAction\":[{\"@type\":\"ReadAction\",\"target\":[\"https:\/\/drlazarraga.com\/blog\/alergias-primaverales-como-detectarlas\/\"]}]},{\"@type\":\"ImageObject\",\"inLanguage\":\"es\",\"@id\":\"https:\/\/drlazarraga.com\/blog\/alergias-primaverales-como-detectarlas\/#primaryimage\",\"url\":\"https:\/\/drlazarraga.com\/blog\/wp-content\/uploads\/2023\/04\/alergias-primaverales.jpg\",\"contentUrl\":\"https:\/\/drlazarraga.com\/blog\/wp-content\/uploads\/2023\/04\/alergias-primaverales.jpg\",\"width\":960,\"height\":565,\"caption\":\"alergias primaverales\"},{\"@type\":\"BreadcrumbList\",\"@id\":\"https:\/\/drlazarraga.com\/blog\/alergias-primaverales-como-detectarlas\/#breadcrumb\",\"itemListElement\":[{\"@type\":\"ListItem\",\"position\":1,\"name\":\"Portada\",\"item\":\"https:\/\/drlazarraga.com\/blog\/\"},{\"@type\":\"ListItem\",\"position\":2,\"name\":\"Alergias primaverales: como detectarlas\"}]},{\"@type\":\"WebSite\",\"@id\":\"https:\/\/drlazarraga.com\/blog\/#website\",\"url\":\"https:\/\/drlazarraga.com\/blog\/\",\"name\":\"Blog Lazarraga | Las \u00faltimas noticias que te interesan\",\"description\":\"Blog de especialistas en parafarmacia y salud. Consejos y art\u00edculos de parafarmacia recomendados para ti. Novedades y Ofertas para ti.\",\"publisher\":{\"@id\":\"https:\/\/drlazarraga.com\/blog\/#organization\"},\"potentialAction\":[{\"@type\":\"SearchAction\",\"target\":{\"@type\":\"EntryPoint\",\"urlTemplate\":\"https:\/\/drlazarraga.com\/blog\/?s={search_term_string}\"},\"query-input\":{\"@type\":\"PropertyValueSpecification\",\"valueRequired\":true,\"valueName\":\"search_term_string\"}}],\"inLanguage\":\"es\"},{\"@type\":\"Organization\",\"@id\":\"https:\/\/drlazarraga.com\/blog\/#organization\",\"name\":\"Blog Lazarraga | Las \u00faltimas noticias que te interesan\",\"url\":\"https:\/\/drlazarraga.com\/blog\/\",\"logo\":{\"@type\":\"ImageObject\",\"inLanguage\":\"es\",\"@id\":\"https:\/\/drlazarraga.com\/blog\/#\/schema\/logo\/image\/\",\"url\":\"https:\/\/drlazarraga.com\/blog\/wp-content\/uploads\/2022\/01\/cropped-drlazarraga-logo-1638786915.png\",\"contentUrl\":\"https:\/\/drlazarraga.com\/blog\/wp-content\/uploads\/2022\/01\/cropped-drlazarraga-logo-1638786915.png\",\"width\":225,\"height\":113,\"caption\":\"Blog Lazarraga | Las \u00faltimas noticias que te interesan\"},\"image\":{\"@id\":\"https:\/\/drlazarraga.com\/blog\/#\/schema\/logo\/image\/\"}},{\"@type\":\"Person\",\"@id\":\"https:\/\/drlazarraga.com\/blog\/#\/schema\/person\/e685df919aa8dbedba5297c278658c4d\",\"name\":\"@drlazarraga\",\"image\":{\"@type\":\"ImageObject\",\"inLanguage\":\"es\",\"@id\":\"https:\/\/drlazarraga.com\/blog\/#\/schema\/person\/image\/\",\"url\":\"https:\/\/secure.gravatar.com\/avatar\/4f04015a3698191a873267b006e8e8789ce30b6ee841a5518a6033860d50fe16?s=96&d=mm&r=g\",\"contentUrl\":\"https:\/\/secure.gravatar.com\/avatar\/4f04015a3698191a873267b006e8e8789ce30b6ee841a5518a6033860d50fe16?s=96&d=mm&r=g\",\"caption\":\"@drlazarraga\"},\"sameAs\":[\"http:\/\/drlazarraga.com\/blog\"],\"url\":\"https:\/\/drlazarraga.com\/blog\/author\/mitzamitza-es\/\"}]}<\/script>\n<!-- \/ Yoast SEO plugin. -->","yoast_head_json":{"title":"Alergias primaverales: como detectarlas","description":"Descubre c\u00f3mo identificar las alergias primaverales y aliviar sus s\u00edntomas con estos consejos \u00fatiles. Cuida tu salud en esta temporada.","robots":{"index":"index","follow":"follow","max-snippet":"max-snippet:-1","max-image-preview":"max-image-preview:large","max-video-preview":"max-video-preview:-1"},"canonical":"https:\/\/drlazarraga.com\/blog\/alergias-primaverales-como-detectarlas\/","og_locale":"es_ES","og_type":"article","og_title":"Alergias primaverales: como detectarlas","og_description":"Descubre c\u00f3mo identificar las alergias primaverales y aliviar sus s\u00edntomas con estos consejos \u00fatiles. Cuida tu salud en esta temporada.","og_url":"https:\/\/drlazarraga.com\/blog\/alergias-primaverales-como-detectarlas\/","og_site_name":"Blog Lazarraga | Las \u00faltimas noticias que te interesan","article_published_time":"2023-05-10T18:21:33+00:00","og_image":[{"width":960,"height":565,"url":"https:\/\/drlazarraga.com\/blog\/wp-content\/uploads\/2023\/04\/alergias-primaverales.jpg","type":"image\/jpeg"}],"author":"@drlazarraga","twitter_card":"summary_large_image","twitter_misc":{"Escrito por":"@drlazarraga","Tiempo de lectura":"4 minutos"},"schema":{"@context":"https:\/\/schema.org","@graph":[{"@type":"Article","@id":"https:\/\/drlazarraga.com\/blog\/alergias-primaverales-como-detectarlas\/#article","isPartOf":{"@id":"https:\/\/drlazarraga.com\/blog\/alergias-primaverales-como-detectarlas\/"},"author":{"name":"@drlazarraga","@id":"https:\/\/drlazarraga.com\/blog\/#\/schema\/person\/e685df919aa8dbedba5297c278658c4d"},"headline":"Alergias primaverales: como detectarlas","datePublished":"2023-05-10T18:21:33+00:00","dateModified":"2023-05-10T18:21:33+00:00","mainEntityOfPage":{"@id":"https:\/\/drlazarraga.com\/blog\/alergias-primaverales-como-detectarlas\/"},"wordCount":762,"commentCount":0,"publisher":{"@id":"https:\/\/drlazarraga.com\/blog\/#organization"},"image":{"@id":"https:\/\/drlazarraga.com\/blog\/alergias-primaverales-como-detectarlas\/#primaryimage"},"thumbnailUrl":"https:\/\/drlazarraga.com\/blog\/wp-content\/uploads\/2023\/04\/alergias-primaverales.jpg","articleSection":["Prevenci\u00f3n","Salud"],"inLanguage":"es","potentialAction":[{"@type":"CommentAction","name":"Comment","target":["https:\/\/drlazarraga.com\/blog\/alergias-primaverales-como-detectarlas\/#respond"]}]},{"@type":"WebPage","@id":"https:\/\/drlazarraga.com\/blog\/alergias-primaverales-como-detectarlas\/","url":"https:\/\/drlazarraga.com\/blog\/alergias-primaverales-como-detectarlas\/","name":"Alergias primaverales: como detectarlas","isPartOf":{"@id":"https:\/\/drlazarraga.com\/blog\/#website"},"primaryImageOfPage":{"@id":"https:\/\/drlazarraga.com\/blog\/alergias-primaverales-como-detectarlas\/#primaryimage"},"image":{"@id":"https:\/\/drlazarraga.com\/blog\/alergias-primaverales-como-detectarlas\/#primaryimage"},"thumbnailUrl":"https:\/\/drlazarraga.com\/blog\/wp-content\/uploads\/2023\/04\/alergias-primaverales.jpg","datePublished":"2023-05-10T18:21:33+00:00","dateModified":"2023-05-10T18:21:33+00:00","description":"Descubre c\u00f3mo identificar las alergias primaverales y aliviar sus s\u00edntomas con estos consejos \u00fatiles. Cuida tu salud en esta temporada.","breadcrumb":{"@id":"https:\/\/drlazarraga.com\/blog\/alergias-primaverales-como-detectarlas\/#breadcrumb"},"inLanguage":"es","potentialAction":[{"@type":"ReadAction","target":["https:\/\/drlazarraga.com\/blog\/alergias-primaverales-como-detectarlas\/"]}]},{"@type":"ImageObject","inLanguage":"es","@id":"https:\/\/drlazarraga.com\/blog\/alergias-primaverales-como-detectarlas\/#primaryimage","url":"https:\/\/drlazarraga.com\/blog\/wp-content\/uploads\/2023\/04\/alergias-primaverales.jpg","contentUrl":"https:\/\/drlazarraga.com\/blog\/wp-content\/uploads\/2023\/04\/alergias-primaverales.jpg","width":960,"height":565,"caption":"alergias primaverales"},{"@type":"BreadcrumbList","@id":"https:\/\/drlazarraga.com\/blog\/alergias-primaverales-como-detectarlas\/#breadcrumb","itemListElement":[{"@type":"ListItem","position":1,"name":"Portada","item":"https:\/\/drlazarraga.com\/blog\/"},{"@type":"ListItem","position":2,"name":"Alergias primaverales: como detectarlas"}]},{"@type":"WebSite","@id":"https:\/\/drlazarraga.com\/blog\/#website","url":"https:\/\/drlazarraga.com\/blog\/","name":"Blog Lazarraga | Las \u00faltimas noticias que te interesan","description":"Blog de especialistas en parafarmacia y salud. Consejos y art\u00edculos de parafarmacia recomendados para ti. Novedades y Ofertas para ti.","publisher":{"@id":"https:\/\/drlazarraga.com\/blog\/#organization"},"potentialAction":[{"@type":"SearchAction","target":{"@type":"EntryPoint","urlTemplate":"https:\/\/drlazarraga.com\/blog\/?s={search_term_string}"},"query-input":{"@type":"PropertyValueSpecification","valueRequired":true,"valueName":"search_term_string"}}],"inLanguage":"es"},{"@type":"Organization","@id":"https:\/\/drlazarraga.com\/blog\/#organization","name":"Blog Lazarraga | Las \u00faltimas noticias que te interesan","url":"https:\/\/drlazarraga.com\/blog\/","logo":{"@type":"ImageObject","inLanguage":"es","@id":"https:\/\/drlazarraga.com\/blog\/#\/schema\/logo\/image\/","url":"https:\/\/drlazarraga.com\/blog\/wp-content\/uploads\/2022\/01\/cropped-drlazarraga-logo-1638786915.png","contentUrl":"https:\/\/drlazarraga.com\/blog\/wp-content\/uploads\/2022\/01\/cropped-drlazarraga-logo-1638786915.png","width":225,"height":113,"caption":"Blog Lazarraga | Las \u00faltimas noticias que te interesan"},"image":{"@id":"https:\/\/drlazarraga.com\/blog\/#\/schema\/logo\/image\/"}},{"@type":"Person","@id":"https:\/\/drlazarraga.com\/blog\/#\/schema\/person\/e685df919aa8dbedba5297c278658c4d","name":"@drlazarraga","image":{"@type":"ImageObject","inLanguage":"es","@id":"https:\/\/drlazarraga.com\/blog\/#\/schema\/person\/image\/","url":"https:\/\/secure.gravatar.com\/avatar\/4f04015a3698191a873267b006e8e8789ce30b6ee841a5518a6033860d50fe16?s=96&d=mm&r=g","contentUrl":"https:\/\/secure.gravatar.com\/avatar\/4f04015a3698191a873267b006e8e8789ce30b6ee841a5518a6033860d50fe16?s=96&d=mm&r=g","caption":"@drlazarraga"},"sameAs":["http:\/\/drlazarraga.com\/blog"],"url":"https:\/\/drlazarraga.com\/blog\/author\/mitzamitza-es\/"}]}},"_links":{"self":[{"href":"https:\/\/drlazarraga.com\/blog\/wp-json\/wp\/v2\/posts\/2969","targetHints":{"allow":["GET"]}}],"collection":[{"href":"https:\/\/drlazarraga.com\/blog\/wp-json\/wp\/v2\/posts"}],"about":[{"href":"https:\/\/drlazarraga.com\/blog\/wp-json\/wp\/v2\/types\/post"}],"author":[{"embeddable":true,"href":"https:\/\/drlazarraga.com\/blog\/wp-json\/wp\/v2\/users\/1"}],"replies":[{"embeddable":true,"href":"https:\/\/drlazarraga.com\/blog\/wp-json\/wp\/v2\/comments?post=2969"}],"version-history":[{"count":3,"href":"https:\/\/drlazarraga.com\/blog\/wp-json\/wp\/v2\/posts\/2969\/revisions"}],"predecessor-version":[{"id":2975,"href":"https:\/\/drlazarraga.com\/blog\/wp-json\/wp\/v2\/posts\/2969\/revisions\/2975"}],"wp:featuredmedia":[{"embeddable":true,"href":"https:\/\/drlazarraga.com\/blog\/wp-json\/wp\/v2\/media\/2971"}],"wp:attachment":[{"href":"https:\/\/drlazarraga.com\/blog\/wp-json\/wp\/v2\/media?parent=2969"}],"wp:term":[{"taxonomy":"category","embeddable":true,"href":"https:\/\/drlazarraga.com\/blog\/wp-json\/wp\/v2\/categories?post=2969"},{"taxonomy":"post_tag","embeddable":true,"href":"https:\/\/drlazarraga.com\/blog\/wp-json\/wp\/v2\/tags?post=2969"}],"curies":[{"name":"wp","href":"https:\/\/api.w.org\/{rel}","templated":true}]}}